{"id":9652,"date":"2025-12-30T06:25:23","date_gmt":"2025-12-30T05:25:23","guid":{"rendered":"https:\/\/www.ungers-kitchen.de\/cmsneu\/?p=9652"},"modified":"2025-12-30T08:27:38","modified_gmt":"2025-12-30T07:27:38","slug":"2025-ein-jahr-das-spuren-hinterlaesst-unser-ganz-persoenlicher-rueckblick","status":"publish","type":"post","link":"https:\/\/www.ungers-kitchen.de\/cmsneu\/2025-ein-jahr-das-spuren-hinterlaesst-unser-ganz-persoenlicher-rueckblick\/","title":{"rendered":"2025 \u2013 Ein Jahr, das Spuren hinterl\u00e4sst: Unser ganz pers\u00f6nlicher R\u00fcckblick"},"content":{"rendered":"\n<p>Das Jahr 2025 neigt sich dem Ende zu, und wenn wir heute in unserer K\u00fcche in Plaidt stehen, blicken wir auf eine Reise zur\u00fcck, die uns mehr als einmal den Atem geraubt hat. Das vertraute Klappern der Kochl\u00f6ffel und die aufsteigenden Aromen sind f\u00fcr uns weit mehr als nur Alltag \u2013 sie sind der Soundtrack eines Jahres, das uns immer wieder aufs Neue \u00fcberrascht hat. In den letzten zw\u00f6lf Monaten ist aus einer leidenschaftlichen Idee ein Werk gewachsen, das zeigt: Ehrliches Essen verbindet Menschen, ganz gleich, ob sie mit uns am Tisch sitzen oder uns durch einen Bildschirm zuschauen.<\/p>\n\n\n\n<h2 class=\"wp-block-heading\">Unsere Wurzeln: <\/h2>\n\n\n\n<p>Wer unseren Weg schon l\u00e4nger begleitet, der wei\u00df, dass Omas und Opas Rezepte zwar unser unersetzlicher Anker und sicherer Hafen sind, wir uns aber schon immer die Freiheit genommen haben, \u00fcber den Tellerrand hinauszuschauen. Es war f\u00fcr uns nie ein Widerspruch, die Tiefe der Tradition mit der Freude am Neuen zu verbinden. Dieses Ausprobieren, das Experimentieren mit frischen Ideen und euch an genau diesen kulinarischen Entdeckungsreisen teilhaben zu lassen \u2013 das geh\u00f6rt f\u00fcr uns von Anfang an einfach dazu.<\/p>\n\n\n\n<p>So finden sich heute ganz selbstverst\u00e4ndlich neben der klassischen Brauhaus-Bratwurst, dem Gulasch oder dem Schaschliktopf auch moderne Akzente in unserem Repertoire. Ob eine cremige Pasta, Sat\u00e9 mit Erdnusssauce oder ein schneller Apple Crumble \u2013 wir lieben es zu zeigen, dass die K\u00fcche unserer Heimat lebendig bleibt, wenn man sie mit einer Prise Neugier w\u00fcrzt. Mit inzwischen fast 500 ver\u00f6ffentlichten Rezepten bilden wir heute die gesamte Bandbreite ab, die eine echte, ehrliche Familienk\u00fcche ausmacht.<\/p>\n\n\n\n<h2 class=\"wp-block-heading\">Meilensteine:<\/h2>\n\n\n\n<div class=\"wp-block-columns is-layout-flex wp-container-core-columns-is-layout-9d6595d7 wp-block-columns-is-layout-flex\">\n<div class=\"wp-block-column is-layout-flow wp-block-column-is-layout-flow\">\n<figure class=\"wp-block-image size-full\"><img data-recalc-dims=\"1\" loading=\"lazy\" decoding=\"async\" width=\"503\" height=\"640\" src=\"https:\/\/i0.wp.com\/www.ungers-kitchen.de\/cmsneu\/wp-content\/uploads\/2025\/12\/IMG_2002-1.jpeg?resize=503%2C640&#038;ssl=1\" alt=\"\" class=\"wp-image-9658\" srcset=\"https:\/\/i0.wp.com\/www.ungers-kitchen.de\/cmsneu\/wp-content\/uploads\/2025\/12\/IMG_2002-1.jpeg?w=503&amp;ssl=1 503w, https:\/\/i0.wp.com\/www.ungers-kitchen.de\/cmsneu\/wp-content\/uploads\/2025\/12\/IMG_2002-1.jpeg?resize=236%2C300&amp;ssl=1 236w, https:\/\/i0.wp.com\/www.ungers-kitchen.de\/cmsneu\/wp-content\/uploads\/2025\/12\/IMG_2002-1.jpeg?resize=393%2C500&amp;ssl=1 393w\" sizes=\"auto, (max-width: 503px) 100vw, 503px\" \/><\/figure>\n<\/div>\n\n\n\n<div class=\"wp-block-column is-layout-flow wp-block-column-is-layout-flow\">\n<p>Ein emotionaler H\u00f6hepunkt war zweifellos Patricks Auftritt in der Kochshow \u201e<strong>Chefs Battle<\/strong>\u201c mit\u00a0<strong>Bernd Zehner<\/strong>. Da stand ich nun \u2013 als leidenschaftlicher Hobbykoch \u2013 zwischen Profis und servierte \u201eOmas Frikadelle\u201c vor einer hochkar\u00e4tigen Jury. Dass ein Sternekoch wie Alexander Wulf eine Bewertung von 8,5 Punkten gab und meine Sauce als \u201eSoulfood\u201c bezeichnete, war ein Moment, den wir kaum in Worte fassen k\u00f6nnen. Besonders gefreut hat uns in diesem Jahr auch das gro\u00dfe Interesse der Medien: Ob die\u00a0<strong>SWR Landesschau<\/strong>, die uns direkt in unserer K\u00fcche besuchte, oder die ausf\u00fchrlichen Berichte in der\u00a0<strong>Rhein-Zeitung<\/strong>\u00a0und bei\u00a0<strong>BLICK aktuell<\/strong>\u00a0\u2013 es ist ein bewegendes Gef\u00fchl zu sehen, dass unsere Art zu kochen auch au\u00dferhalb der digitalen Welt so viel Zuspruch findet.<\/p>\n<\/div>\n<\/div>\n\n\n\n<h4 class=\"wp-block-heading\">Unsere Presseschau zum Nachlesen und Anschauen:<\/h4>\n\n\n\n<ul class=\"wp-block-list\">\n<li><strong>Chefs Battle:<\/strong>&nbsp;<a href=\"https:\/\/www.joyn.de\/serien\/chefs-battle\/1-2-ueberraschung-pur-diese-runde-hat-es-in-sich\" target=\"_blank\" rel=\"noreferrer noopener\">Die ganze Folge auf Joyn<\/a><\/li>\n\n\n\n<li><strong>YouTube:<\/strong>&nbsp;<a href=\"https:\/\/youtu.be\/HXNDYZeoUaE?si=0ky42FUKHv3o9Vjr\" target=\"_blank\" rel=\"noreferrer noopener\">Ganze folge auf dem YouTube Kanal von Bernd Zehner<\/a><\/li>\n\n\n\n<li><strong>SWR Landesschau:<\/strong>&nbsp;<a href=\"https:\/\/www.swr.de\/video\/sendungen-a-z\/landesschau-rlp\/fastnachtskampagne-startet-auch-in-germersheim-100.html\" target=\"_blank\" rel=\"noreferrer noopener\">Unger\u2019s Kitchen im Fernsehen<\/a><\/li>\n\n\n\n<li><strong>Rhein-Zeitung:<\/strong>&nbsp;<a href=\"https:\/\/www.rhein-zeitung.de\/lokales\/andernach-mayen\/plaidter-sind-als-koch-influencer-erfolgreich_arid-4079310.html\" target=\"_blank\" rel=\"noreferrer noopener\">Plaidter sind als Koch-Influencer erfolgreich<\/a><\/li>\n\n\n\n<li><strong>BLICK aktuell:<\/strong>&nbsp;<a href=\"https:\/\/www.google.com\/url?sa=E&amp;source=gmail&amp;q=https:\/\/www.blick-aktuell.de\/Berichte\/Jetzt-neu-bei-BLICK-aktuell-onlineUngers-Kitchen-macht-Lust-aufs-Nachkochen-640916.html\" target=\"_blank\" rel=\"noreferrer noopener\">Unger\u2019s Kitchen macht Lust aufs Nachkochen<\/a><\/li>\n<\/ul>\n\n\n\n<p>Es war eine tolle Best\u00e4tigung unserer Arbeit, aber vor allem ein Moment, der unseren Respekt vor dem professionellen Handwerk noch einmal be- und verst\u00e4rkt hat. Wir haben die allerh\u00f6chste Hochachtung vor jedem, der den Beruf des Kochs von der Pike auf gelernt hat! Wir w\u00fcrden uns niemals mit der jahrelangen Ausbildung, dem immensen Fachwissen und der harten Schule der Profis vergleichen \u2013 wir sind und bleiben einfache aber leidenschaftliche Hobbyk\u00f6che. Dass unsere Art zu kochen, die auf purer Liebe und dem Respekt vor dem Produkt basiert, in dieser Welt solche Anerkennung fand, erf\u00fcllt uns mit gro\u00dfer Dankbarkeit und auch ein bisschen Stolz.&nbsp;<\/p>\n\n\n\n<h2 class=\"wp-block-heading\"><strong>Ein eingespieltes Team: Die Rollen hinter den Kulissen<\/strong><\/h2>\n\n\n\n<div class=\"wp-block-columns is-layout-flex wp-container-core-columns-is-layout-9d6595d7 wp-block-columns-is-layout-flex\">\n<div class=\"wp-block-column is-layout-flow wp-block-column-is-layout-flow\" style=\"flex-basis:100%\">\n<div class=\"wp-block-group\"><div class=\"wp-block-group__inner-container is-layout-constrained wp-block-group-is-layout-constrained\">\n<div class=\"wp-block-columns is-layout-flex wp-container-core-columns-is-layout-9d6595d7 wp-block-columns-is-layout-flex\">\n<div class=\"wp-block-column is-layout-flow wp-block-column-is-layout-flow\">\n<p>Hinter der Leichtigkeit unserer Videos und der Webseite steckt eine klare Aufteilung, die Unger\u2019s Kitchen erst m\u00f6glich macht. Nadine ist die kreative Feder im Hintergrund: Sie schreibt die Artikel und Rezepte auf unserer Homepage und sorgt daf\u00fcr, dass die Geschichten hinter den Gerichten lebendig werden. Zudem ist sie unser Auge hinter der Linse \u2013 als Kamerafrau f\u00e4ngt sie die Momente ein, die das Kochen so nahbar machen und recherchiert immer wieder nach neuen Inspirationen und alten Familiensch\u00e4tzen.<\/p>\n\n\n\n<p>Ich (Patrick) bin bei uns f\u00fcr den technischen Part verantwortlich. Von der Pflege unserer Homepage bis hin zum zeitintensiven Videoschnitt liegen alle digitalen F\u00e4den in meinen H\u00e4nden. Dass in einem 20-min\u00fctigen Video oft bis zu sechs Stunden reine Schnittarbeit stecken, geh\u00f6rt f\u00fcr mich zu unserem Qualit\u00e4tsanspruch einfach dazu. W\u00e4hrend Nadine die Inhalte formt, schaffe ich den technischen Rahmen, in dem unsere gemeinsame Arbeit gl\u00e4nzen kann.<\/p>\n\n\n<div class=\"wp-block-image\">\n<figure class=\"aligncenter size-large\"><img data-recalc-dims=\"1\" loading=\"lazy\" decoding=\"async\" width=\"640\" height=\"342\" src=\"https:\/\/i0.wp.com\/www.ungers-kitchen.de\/cmsneu\/wp-content\/uploads\/2025\/12\/Bildschirmfoto-2025-12-30-um-06.07.29.jpg?resize=640%2C342&#038;ssl=1\" alt=\"\" class=\"wp-image-9665\" srcset=\"https:\/\/i0.wp.com\/www.ungers-kitchen.de\/cmsneu\/wp-content\/uploads\/2025\/12\/Bildschirmfoto-2025-12-30-um-06.07.29.jpg?resize=1024%2C547&amp;ssl=1 1024w, https:\/\/i0.wp.com\/www.ungers-kitchen.de\/cmsneu\/wp-content\/uploads\/2025\/12\/Bildschirmfoto-2025-12-30-um-06.07.29.jpg?resize=300%2C160&amp;ssl=1 300w, https:\/\/i0.wp.com\/www.ungers-kitchen.de\/cmsneu\/wp-content\/uploads\/2025\/12\/Bildschirmfoto-2025-12-30-um-06.07.29.jpg?resize=768%2C410&amp;ssl=1 768w, https:\/\/i0.wp.com\/www.ungers-kitchen.de\/cmsneu\/wp-content\/uploads\/2025\/12\/Bildschirmfoto-2025-12-30-um-06.07.29.jpg?resize=1536%2C821&amp;ssl=1 1536w, https:\/\/i0.wp.com\/www.ungers-kitchen.de\/cmsneu\/wp-content\/uploads\/2025\/12\/Bildschirmfoto-2025-12-30-um-06.07.29.jpg?resize=500%2C267&amp;ssl=1 500w, https:\/\/i0.wp.com\/www.ungers-kitchen.de\/cmsneu\/wp-content\/uploads\/2025\/12\/Bildschirmfoto-2025-12-30-um-06.07.29.jpg?resize=1300%2C695&amp;ssl=1 1300w, https:\/\/i0.wp.com\/www.ungers-kitchen.de\/cmsneu\/wp-content\/uploads\/2025\/12\/Bildschirmfoto-2025-12-30-um-06.07.29.jpg?resize=1320%2C705&amp;ssl=1 1320w, https:\/\/i0.wp.com\/www.ungers-kitchen.de\/cmsneu\/wp-content\/uploads\/2025\/12\/Bildschirmfoto-2025-12-30-um-06.07.29.jpg?w=1920&amp;ssl=1 1920w\" sizes=\"auto, (max-width: 640px) 100vw, 640px\" \/><\/figure>\n<\/div><\/div>\n<\/div>\n<\/div><\/div>\n<\/div>\n<\/div>\n\n\n\n<h2 class=\"wp-block-heading\"><strong>Unsere Leidenschaft:<\/strong><\/h2>\n\n\n\n<p>Trotz der zunehmenden Professionalisierung und der offiziellen Eintragung von \u201eUnger\u2019s Kitchen\u201c als Marke sind wir im Kern dieselben geblieben: Wir arbeiten weiterhin in unseren Hauptberufen und nutzen jede freie Minute f\u00fcr unsere Leidenschaft. W\u00e4hrend Nadine die Rezepte zum Leben erweckt und ich am Herd und am Rechner wirbele, bleiben wir ein Team, das sich die Freude am Unperfekten und Menschlichen bewahrt hat.<\/p>\n\n\n\n<h2 class=\"wp-block-heading\"><strong>Ein Blick nach vorn: Unsere Geschichte geht weiter<\/strong><\/h2>\n\n\n\n<p>Unser Blick richtet sich nun voller Vorfreude auf das Jahr 2026. In den kommenden Monaten wird unser zweites Kochbuch das Licht der Welt erblicken \u2013 ein Herzensprojekt, das wesentlich umfangreicher und pers\u00f6nlicher ist als alles Bisherige. Es enth\u00e4lt nicht nur Rezepte von Oma, Opa, Mama und Papa, sondern auch die kleinen Anekdoten unserer Familie, die diese Gerichte erst lebendig machen. Es ist f\u00fcr uns nicht einfach nur ein Buch, sondern ein gedrucktes St\u00fcck unserer eigenen Lebensgeschichte, an dessen Fertigstellung wir aktuell mit Hochdruck arbeiten.<\/p>\n\n\n\n<p>Was uns am Ende des Tages aber am tiefsten ber\u00fchrt, ist euer ganz pers\u00f6nliches Feedback. Wenn ihr uns schreibt, dass ihr durch uns den Mut gefunden habt, wieder selbst den Kochl\u00f6ffel zu schwingen, dann ist das unser wahrer Erfolg. Unser sch\u00f6nstes Lob bleibt: \u201eNachgekocht, hat super geschmeckt\u201c.<\/p>\n\n\n\n<p>Wir danken euch von Herzen, dass ihr Teil dieser Reise seid und uns erm\u00f6glicht, unsere Leidenschaft mit euch zu teilen.&nbsp;<\/p>\n\n\n\n<p>Auf ein genussvolles, gemeinsames, gl\u00fcckliches und gesundes neues Jahr!<\/p>\n\n\n\n<p>Eure Nadine und euer Patrick<\/p>\n<div class=\"shariff shariff-align-flex-start shariff-widget-align-flex-start\" data-services=\"pinterest%7Cfacebook\" data-url=\"https%3A%2F%2Fwww.ungers-kitchen.de%2Fcmsneu%2F2025-ein-jahr-das-spuren-hinterlaesst-unser-ganz-persoenlicher-rueckblick%2F\" data-timestamp=\"1767083258\" data-hidezero=\"1\" data-backendurl=\"https:\/\/www.ungers-kitchen.de\/cmsneu\/wp-json\/shariff\/v1\/share_counts?\"><ul class=\"shariff-buttons theme-round orientation-horizontal buttonsize-medium\"><li class=\"shariff-button pinterest shariff-nocustomcolor\" style=\"background-color:#e70f18\"><a href=\"https:\/\/www.pinterest.com\/pin\/create\/link\/?url=https%3A%2F%2Fwww.ungers-kitchen.de%2Fcmsneu%2F2025-ein-jahr-das-spuren-hinterlaesst-unser-ganz-persoenlicher-rueckblick%2F&media=https%3A%2F%2Fwww.ungers-kitchen.de%2Fcmsneu%2Fwp-content%2Fuploads%2F2025%2F12%2FBildschirmfoto-2025-12-30-um-05.06.46.jpg&description=2025%20%E2%80%93%20Ein%20Jahr%2C%20das%20Spuren%20hinterl%C3%A4sst%3A%20Unser%20ganz%20pers%C3%B6nlicher%20R%C3%BCckblick\" title=\"Bei Pinterest pinnen\" aria-label=\"Bei Pinterest pinnen\" role=\"button\" rel=\"noreferrernoopener nofollow\" class=\"shariff-link\" style=\"; background-color:#cb2027; color:#fff\" target=\"_blank\"><span class=\"shariff-icon\" style=\"\"><svg width=\"32px\" height=\"20px\" xmlns=\"http:\/\/www.w3.org\/2000\/svg\" viewBox=\"0 0 27 32\"><path fill=\"#cb2027\" d=\"M27.4 16q0 3.7-1.8 6.9t-5 5-6.9 1.9q-2 0-3.9-0.6 1.1-1.7 1.4-2.9 0.2-0.6 1-3.8 0.4 0.7 1.3 1.2t2 0.5q2.1 0 3.8-1.2t2.7-3.4 0.9-4.8q0-2-1.1-3.8t-3.1-2.9-4.5-1.2q-1.9 0-3.5 0.5t-2.8 1.4-2 2-1.2 2.3-0.4 2.4q0 1.9 0.7 3.3t2.1 2q0.5 0.2 0.7-0.4 0-0.1 0.1-0.5t0.2-0.5q0.1-0.4-0.2-0.8-0.9-1.1-0.9-2.7 0-2.7 1.9-4.6t4.9-2q2.7 0 4.2 1.5t1.5 3.8q0 3-1.2 5.2t-3.1 2.1q-1.1 0-1.7-0.8t-0.4-1.9q0.1-0.6 0.5-1.7t0.5-1.8 0.2-1.4q0-0.9-0.5-1.5t-1.4-0.6q-1.1 0-1.9 1t-0.8 2.6q0 1.3 0.4 2.2l-1.8 7.5q-0.3 1.2-0.2 3.2-3.7-1.6-6-5t-2.3-7.6q0-3.7 1.9-6.9t5-5 6.9-1.9 6.9 1.9 5 5 1.8 6.9z\"\/><\/svg><\/span><span data-service=\"pinterest\" style=\"color:#cb2027\" class=\"shariff-count shariff-hidezero\"><\/span>&nbsp;<\/a><\/li><li class=\"shariff-button facebook shariff-nocustomcolor\" style=\"background-color:#4273c8\"><a href=\"https:\/\/www.facebook.com\/sharer\/sharer.php?u=https%3A%2F%2Fwww.ungers-kitchen.de%2Fcmsneu%2F2025-ein-jahr-das-spuren-hinterlaesst-unser-ganz-persoenlicher-rueckblick%2F\" title=\"Bei Facebook teilen\" aria-label=\"Bei Facebook teilen\" role=\"button\" rel=\"noreferrernoopener nofollow\" class=\"shariff-link\" style=\"; background-color:#3b5998; color:#fff\" target=\"_blank\"><span class=\"shariff-icon\" style=\"\"><svg width=\"32px\" height=\"20px\" xmlns=\"http:\/\/www.w3.org\/2000\/svg\" viewBox=\"0 0 18 32\"><path fill=\"#3b5998\" d=\"M17.1 0.2v4.7h-2.8q-1.5 0-2.1 0.6t-0.5 1.9v3.4h5.2l-0.7 5.3h-4.5v13.6h-5.5v-13.6h-4.5v-5.3h4.5v-3.9q0-3.3 1.9-5.2t5-1.8q2.6 0 4.1 0.2z\"\/><\/svg><\/span><span data-service=\"facebook\" style=\"color:#3b5998\" class=\"shariff-count shariff-hidezero\"><\/span>&nbsp;<\/a><\/li><li class=\"shariff-button printer shariff-nocustomcolor\" style=\"background-color:#a8a8a8\"><a href=\"javascript:window.print()\" title=\"drucken\" aria-label=\"drucken\" role=\"button\" rel=\"noreferrernoopener nofollow\" class=\"shariff-link\" style=\"; background-color:#999; color:#fff\"><span class=\"shariff-icon\" style=\"\"><svg width=\"32px\" height=\"20px\" xmlns=\"http:\/\/www.w3.org\/2000\/svg\" viewBox=\"0 0 30 32\"><path fill=\"#999\" d=\"M6.8 27.4h16v-4.6h-16v4.6zM6.8 16h16v-6.8h-2.8q-0.7 0-1.2-0.5t-0.5-1.2v-2.8h-11.4v11.4zM27.4 17.2q0-0.5-0.3-0.8t-0.8-0.4-0.8 0.4-0.3 0.8 0.3 0.8 0.8 0.3 0.8-0.3 0.3-0.8zM29.7 17.2v7.4q0 0.2-0.2 0.4t-0.4 0.2h-4v2.8q0 0.7-0.5 1.2t-1.2 0.5h-17.2q-0.7 0-1.2-0.5t-0.5-1.2v-2.8h-4q-0.2 0-0.4-0.2t-0.2-0.4v-7.4q0-1.4 1-2.4t2.4-1h1.2v-9.7q0-0.7 0.5-1.2t1.2-0.5h12q0.7 0 1.6 0.4t1.3 0.8l2.7 2.7q0.5 0.5 0.9 1.4t0.4 1.6v4.6h1.1q1.4 0 2.4 1t1 2.4z\"\/><\/svg><\/span><\/a><\/li><li class=\"shariff-button whatsapp shariff-nocustomcolor\" style=\"background-color:#5cbe4a\"><a href=\"https:\/\/api.whatsapp.com\/send?text=https%3A%2F%2Fwww.ungers-kitchen.de%2Fcmsneu%2F2025-ein-jahr-das-spuren-hinterlaesst-unser-ganz-persoenlicher-rueckblick%2F%202025%20%E2%80%93%20Ein%20Jahr%2C%20das%20Spuren%20hinterl%C3%A4sst%3A%20Unser%20ganz%20pers%C3%B6nlicher%20R%C3%BCckblick\" title=\"Bei Whatsapp teilen\" aria-label=\"Bei Whatsapp teilen\" role=\"button\" rel=\"noreferrernoopener nofollow\" class=\"shariff-link\" style=\"; background-color:#34af23; color:#fff\" target=\"_blank\"><span class=\"shariff-icon\" style=\"\"><svg width=\"32px\" height=\"20px\" xmlns=\"http:\/\/www.w3.org\/2000\/svg\" viewBox=\"0 0 32 32\"><path fill=\"#34af23\" d=\"M17.6 17.4q0.2 0 1.7 0.8t1.6 0.9q0 0.1 0 0.3 0 0.6-0.3 1.4-0.3 0.7-1.3 1.2t-1.8 0.5q-1 0-3.4-1.1-1.7-0.8-3-2.1t-2.6-3.3q-1.3-1.9-1.3-3.5v-0.1q0.1-1.6 1.3-2.8 0.4-0.4 0.9-0.4 0.1 0 0.3 0t0.3 0q0.3 0 0.5 0.1t0.3 0.5q0.1 0.4 0.6 1.6t0.4 1.3q0 0.4-0.6 1t-0.6 0.8q0 0.1 0.1 0.3 0.6 1.3 1.8 2.4 1 0.9 2.7 1.8 0.2 0.1 0.4 0.1 0.3 0 1-0.9t0.9-0.9zM14 26.9q2.3 0 4.3-0.9t3.6-2.4 2.4-3.6 0.9-4.3-0.9-4.3-2.4-3.6-3.6-2.4-4.3-0.9-4.3 0.9-3.6 2.4-2.4 3.6-0.9 4.3q0 3.6 2.1 6.6l-1.4 4.2 4.3-1.4q2.8 1.9 6.2 1.9zM14 2.2q2.7 0 5.2 1.1t4.3 2.9 2.9 4.3 1.1 5.2-1.1 5.2-2.9 4.3-4.3 2.9-5.2 1.1q-3.5 0-6.5-1.7l-7.4 2.4 2.4-7.2q-1.9-3.2-1.9-6.9 0-2.7 1.1-5.2t2.9-4.3 4.3-2.9 5.2-1.1z\"\/><\/svg><\/span><\/a><\/li><li class=\"shariff-button twitter shariff-nocustomcolor\" style=\"background-color:#1e3050\"><a href=\"https:\/\/twitter.com\/intent\/tweet?url=https%3A%2F%2Fwww.ungers-kitchen.de%2Fcmsneu%2F2025-ein-jahr-das-spuren-hinterlaesst-unser-ganz-persoenlicher-rueckblick%2F&text=2025%20%E2%80%93%20Ein%20Jahr%2C%20das%20Spuren%20hinterl%C3%A4sst%3A%20Unser%20ganz%20pers%C3%B6nlicher%20R%C3%BCckblick\" title=\"Bei X (Twitter) teilen\" aria-label=\"Bei X (Twitter) teilen\" role=\"button\" rel=\"noreferrernoopener nofollow\" class=\"shariff-link\" style=\"; background-color:#000000; color:#fff\" target=\"_blank\"><span class=\"shariff-icon\" style=\"\"><svg xmlns=\"http:\/\/www.w3.org\/2000\/svg\" height=\"1em\" viewBox=\"0 0 512 512\"><!--! Font Awesome Free 6.4.2 by @fontawesome - https:\/\/fontawesome.com License - https:\/\/fontawesome.com\/license (Commercial License) Copyright 2023 Fonticons, Inc. --><style>svg{fill:#ffffff}<\/style><path d=\"M389.2 48h70.6L305.6 224.2 487 464H345L233.7 318.6 106.5 464H35.8L200.7 275.5 26.8 48H172.4L272.9 180.9 389.2 48zM364.4 421.8h39.1L151.1 88h-42L364.4 421.8z\"\/><\/svg><\/span><\/a><\/li><\/ul><\/div>","protected":false},"excerpt":{"rendered":"<p>2025 war f\u00fcr uns ein Jahr voller Herzklopfen und Ver\u00e4nderungen. Von Omas traditionellen Rezepten bis hin zur SWR Landesschau und Berichten in der Rhein-Zeitung \u2013 wir blicken zur\u00fcck auf eine Reise, die uns weit \u00fcber die Pellenz hinausgef\u00fchrt hat. Erfahrt mehr \u00fcber unsere TV-Momente beim \u201eChefs Battle\u201c, die Arbeit hinter den Kulissen von Unger\u2019s Kitchen und unser gro\u00dfes Herzensprojekt f\u00fcr 2026.<\/p>\n","protected":false},"author":1,"featured_media":9654,"comment_status":"open","ping_status":"open","sticky":false,"template":"","format":"standard","meta":{"_acf_changed":false,"footnotes":""},"categories":[397],"tags":[484,490,489,486,488,494,482,481,491,493,487,492,483,485],"class_list":["post-9652","post","type-post","status-publish","format-standard","has-post-thumbnail","hentry","category-blog","tag-blick-aktuell","tag-chefs-battle-patrick-unger","tag-familienrezepte-2025","tag-hausmannskost-rezepte","tag-hobbykoeche-leidenschaft","tag-koch-influencer-rheinland-pfalz","tag-kochbuch-neuerscheinung-2026","tag-nadine-und-patrick-unger","tag-omas-rezepte-modern","tag-plaidt-pellenz-kochen","tag-rhein-zeitung","tag-soulfood-rezepte","tag-swr-landesschau","tag-ungers-kitchen"],"acf":[],"yoast_head":"<!-- This site is optimized with the Yoast SEO plugin v26.9 - https:\/\/yoast.com\/product\/yoast-seo-wordpress\/ -->\n<title>2025 \u2013 Ein Jahr, das Spuren hinterl\u00e4sst: Unser ganz pers\u00f6nlicher R\u00fcckblick - Unger&acute;s Kitchen<\/title>\n<meta name=\"description\" content=\"2025 bei Unger\u2019s Kitchen: Ein bewegtes Jahr voller Ver\u00e4nderungen. Von Omas Rezepten bis zum SWR &amp; der Rhein-Zeitung \u2013 Nadine &amp; Patrick blicken auf ihren Weg zur\u00fcck.\" \/>\n<meta name=\"robots\" content=\"index, follow, max-snippet:-1, max-image-preview:large, max-video-preview:-1\" \/>\n<link rel=\"canonical\" href=\"https:\/\/www.ungers-kitchen.de\/cmsneu\/2025-ein-jahr-das-spuren-hinterlaesst-unser-ganz-persoenlicher-rueckblick\/\" \/>\n<meta property=\"og:locale\" content=\"de_DE\" \/>\n<meta property=\"og:type\" content=\"article\" \/>\n<meta property=\"og:title\" content=\"2025 \u2013 Ein Jahr, das Spuren hinterl\u00e4sst: Unser ganz pers\u00f6nlicher R\u00fcckblick - Unger&acute;s Kitchen\" \/>\n<meta property=\"og:description\" content=\"2025 bei Unger\u2019s Kitchen: Ein bewegtes Jahr voller Ver\u00e4nderungen. Von Omas Rezepten bis zum SWR &amp; der Rhein-Zeitung \u2013 Nadine &amp; Patrick blicken auf ihren Weg zur\u00fcck.\" \/>\n<meta property=\"og:url\" content=\"https:\/\/www.ungers-kitchen.de\/cmsneu\/2025-ein-jahr-das-spuren-hinterlaesst-unser-ganz-persoenlicher-rueckblick\/\" \/>\n<meta property=\"og:site_name\" content=\"Unger&acute;s Kitchen\" \/>\n<meta property=\"article:publisher\" content=\"https:\/\/www.facebook.com\/ungerskitchen.de\" \/>\n<meta property=\"article:published_time\" content=\"2025-12-30T05:25:23+00:00\" \/>\n<meta property=\"article:modified_time\" content=\"2025-12-30T07:27:38+00:00\" \/>\n<meta property=\"og:image\" content=\"https:\/\/www.ungers-kitchen.de\/cmsneu\/wp-content\/uploads\/2025\/12\/Bildschirmfoto-2025-12-30-um-05.06.46.jpg\" \/>\n\t<meta property=\"og:image:width\" content=\"1920\" \/>\n\t<meta property=\"og:image:height\" content=\"1180\" \/>\n\t<meta property=\"og:image:type\" content=\"image\/jpeg\" \/>\n<meta name=\"author\" content=\"Patrick\" \/>\n<meta name=\"twitter:card\" content=\"summary_large_image\" \/>\n<meta name=\"twitter:label1\" content=\"Verfasst von\" \/>\n\t<meta name=\"twitter:data1\" content=\"Patrick\" \/>\n\t<meta name=\"twitter:label2\" content=\"Gesch\u00e4tzte Lesezeit\" \/>\n\t<meta name=\"twitter:data2\" content=\"6\u00a0Minuten\" \/>\n<script type=\"application\/ld+json\" class=\"yoast-schema-graph\">{\"@context\":\"https:\/\/schema.org\",\"@graph\":[{\"@type\":\"Article\",\"@id\":\"https:\/\/www.ungers-kitchen.de\/cmsneu\/2025-ein-jahr-das-spuren-hinterlaesst-unser-ganz-persoenlicher-rueckblick\/#article\",\"isPartOf\":{\"@id\":\"https:\/\/www.ungers-kitchen.de\/cmsneu\/2025-ein-jahr-das-spuren-hinterlaesst-unser-ganz-persoenlicher-rueckblick\/\"},\"author\":{\"name\":\"Patrick\",\"@id\":\"https:\/\/www.ungers-kitchen.de\/cmsneu\/#\/schema\/person\/ccbd521d1922e4c8ca49ae4b58844a6e\"},\"headline\":\"2025 \u2013 Ein Jahr, das Spuren hinterl\u00e4sst: Unser ganz pers\u00f6nlicher R\u00fcckblick\",\"datePublished\":\"2025-12-30T05:25:23+00:00\",\"dateModified\":\"2025-12-30T07:27:38+00:00\",\"mainEntityOfPage\":{\"@id\":\"https:\/\/www.ungers-kitchen.de\/cmsneu\/2025-ein-jahr-das-spuren-hinterlaesst-unser-ganz-persoenlicher-rueckblick\/\"},\"wordCount\":969,\"commentCount\":1,\"publisher\":{\"@id\":\"https:\/\/www.ungers-kitchen.de\/cmsneu\/#organization\"},\"image\":{\"@id\":\"https:\/\/www.ungers-kitchen.de\/cmsneu\/2025-ein-jahr-das-spuren-hinterlaesst-unser-ganz-persoenlicher-rueckblick\/#primaryimage\"},\"thumbnailUrl\":\"https:\/\/i0.wp.com\/www.ungers-kitchen.de\/cmsneu\/wp-content\/uploads\/2025\/12\/Bildschirmfoto-2025-12-30-um-05.06.46.jpg?fit=1920%2C1180&ssl=1\",\"keywords\":[\"BLICK aktuell\",\"Chefs Battle Patrick Unger\",\"Familienrezepte 2025\",\"Hausmannskost Rezepte\",\"Hobbyk\u00f6che Leidenschaft\",\"Koch-Influencer Rheinland-Pfalz\",\"Kochbuch Neuerscheinung 2026\",\"Nadine und Patrick Unger\",\"Omas Rezepte modern\",\"Plaidt Pellenz Kochen\",\"Rhein-Zeitung\",\"Soulfood Rezepte\",\"SWR Landesschau\",\"Unger\u2019s Kitchen\"],\"articleSection\":[\"Blog\"],\"inLanguage\":\"de\",\"potentialAction\":[{\"@type\":\"CommentAction\",\"name\":\"Comment\",\"target\":[\"https:\/\/www.ungers-kitchen.de\/cmsneu\/2025-ein-jahr-das-spuren-hinterlaesst-unser-ganz-persoenlicher-rueckblick\/#respond\"]}]},{\"@type\":\"WebPage\",\"@id\":\"https:\/\/www.ungers-kitchen.de\/cmsneu\/2025-ein-jahr-das-spuren-hinterlaesst-unser-ganz-persoenlicher-rueckblick\/\",\"url\":\"https:\/\/www.ungers-kitchen.de\/cmsneu\/2025-ein-jahr-das-spuren-hinterlaesst-unser-ganz-persoenlicher-rueckblick\/\",\"name\":\"2025 \u2013 Ein Jahr, das Spuren hinterl\u00e4sst: Unser ganz pers\u00f6nlicher R\u00fcckblick - Unger&acute;s Kitchen\",\"isPartOf\":{\"@id\":\"https:\/\/www.ungers-kitchen.de\/cmsneu\/#website\"},\"primaryImageOfPage\":{\"@id\":\"https:\/\/www.ungers-kitchen.de\/cmsneu\/2025-ein-jahr-das-spuren-hinterlaesst-unser-ganz-persoenlicher-rueckblick\/#primaryimage\"},\"image\":{\"@id\":\"https:\/\/www.ungers-kitchen.de\/cmsneu\/2025-ein-jahr-das-spuren-hinterlaesst-unser-ganz-persoenlicher-rueckblick\/#primaryimage\"},\"thumbnailUrl\":\"https:\/\/i0.wp.com\/www.ungers-kitchen.de\/cmsneu\/wp-content\/uploads\/2025\/12\/Bildschirmfoto-2025-12-30-um-05.06.46.jpg?fit=1920%2C1180&ssl=1\",\"datePublished\":\"2025-12-30T05:25:23+00:00\",\"dateModified\":\"2025-12-30T07:27:38+00:00\",\"description\":\"2025 bei Unger\u2019s Kitchen: Ein bewegtes Jahr voller Ver\u00e4nderungen. Von Omas Rezepten bis zum SWR & der Rhein-Zeitung \u2013 Nadine & Patrick blicken auf ihren Weg zur\u00fcck.\",\"breadcrumb\":{\"@id\":\"https:\/\/www.ungers-kitchen.de\/cmsneu\/2025-ein-jahr-das-spuren-hinterlaesst-unser-ganz-persoenlicher-rueckblick\/#breadcrumb\"},\"inLanguage\":\"de\",\"potentialAction\":[{\"@type\":\"ReadAction\",\"target\":[\"https:\/\/www.ungers-kitchen.de\/cmsneu\/2025-ein-jahr-das-spuren-hinterlaesst-unser-ganz-persoenlicher-rueckblick\/\"]}]},{\"@type\":\"ImageObject\",\"inLanguage\":\"de\",\"@id\":\"https:\/\/www.ungers-kitchen.de\/cmsneu\/2025-ein-jahr-das-spuren-hinterlaesst-unser-ganz-persoenlicher-rueckblick\/#primaryimage\",\"url\":\"https:\/\/i0.wp.com\/www.ungers-kitchen.de\/cmsneu\/wp-content\/uploads\/2025\/12\/Bildschirmfoto-2025-12-30-um-05.06.46.jpg?fit=1920%2C1180&ssl=1\",\"contentUrl\":\"https:\/\/i0.wp.com\/www.ungers-kitchen.de\/cmsneu\/wp-content\/uploads\/2025\/12\/Bildschirmfoto-2025-12-30-um-05.06.46.jpg?fit=1920%2C1180&ssl=1\",\"width\":1920,\"height\":1180,\"caption\":\"Wir pr\u00e4sentieren unsere herzhaften K\u00e4senudeln nach Hausmacherart.\"},{\"@type\":\"BreadcrumbList\",\"@id\":\"https:\/\/www.ungers-kitchen.de\/cmsneu\/2025-ein-jahr-das-spuren-hinterlaesst-unser-ganz-persoenlicher-rueckblick\/#breadcrumb\",\"itemListElement\":[{\"@type\":\"ListItem\",\"position\":1,\"name\":\"Startseite\",\"item\":\"https:\/\/www.ungers-kitchen.de\/cmsneu\/\"},{\"@type\":\"ListItem\",\"position\":2,\"name\":\"2025 \u2013 Ein Jahr, das Spuren hinterl\u00e4sst: Unser ganz pers\u00f6nlicher R\u00fcckblick\"}]},{\"@type\":\"WebSite\",\"@id\":\"https:\/\/www.ungers-kitchen.de\/cmsneu\/#website\",\"url\":\"https:\/\/www.ungers-kitchen.de\/cmsneu\/\",\"name\":\"Unger&acute;s Kitchen\",\"description\":\"cooking - backing - bbq\",\"publisher\":{\"@id\":\"https:\/\/www.ungers-kitchen.de\/cmsneu\/#organization\"},\"potentialAction\":[{\"@type\":\"SearchAction\",\"target\":{\"@type\":\"EntryPoint\",\"urlTemplate\":\"https:\/\/www.ungers-kitchen.de\/cmsneu\/?s={search_term_string}\"},\"query-input\":{\"@type\":\"PropertyValueSpecification\",\"valueRequired\":true,\"valueName\":\"search_term_string\"}}],\"inLanguage\":\"de\"},{\"@type\":\"Organization\",\"@id\":\"https:\/\/www.ungers-kitchen.de\/cmsneu\/#organization\",\"name\":\"Unger&acute;s Kitchen\",\"url\":\"https:\/\/www.ungers-kitchen.de\/cmsneu\/\",\"logo\":{\"@type\":\"ImageObject\",\"inLanguage\":\"de\",\"@id\":\"https:\/\/www.ungers-kitchen.de\/cmsneu\/#\/schema\/logo\/image\/\",\"url\":\"https:\/\/i0.wp.com\/www.ungers-kitchen.de\/cmsneu\/wp-content\/uploads\/2023\/10\/logoungerskitchen.jpg?fit=1920%2C1227&ssl=1\",\"contentUrl\":\"https:\/\/i0.wp.com\/www.ungers-kitchen.de\/cmsneu\/wp-content\/uploads\/2023\/10\/logoungerskitchen.jpg?fit=1920%2C1227&ssl=1\",\"width\":1920,\"height\":1227,\"caption\":\"Unger&acute;s Kitchen\"},\"image\":{\"@id\":\"https:\/\/www.ungers-kitchen.de\/cmsneu\/#\/schema\/logo\/image\/\"},\"sameAs\":[\"https:\/\/www.facebook.com\/ungerskitchen.de\",\"https:\/\/www.pinterest.de\/Ungerskitchen\",\"https:\/\/www.instagram.com\/ungers_kitchen\",\"https:\/\/www.tiktok.com\/@ungerskitchen\"]},{\"@type\":\"Person\",\"@id\":\"https:\/\/www.ungers-kitchen.de\/cmsneu\/#\/schema\/person\/ccbd521d1922e4c8ca49ae4b58844a6e\",\"name\":\"Patrick\",\"image\":{\"@type\":\"ImageObject\",\"inLanguage\":\"de\",\"@id\":\"https:\/\/www.ungers-kitchen.de\/cmsneu\/#\/schema\/person\/image\/\",\"url\":\"https:\/\/secure.gravatar.com\/avatar\/2719856d7aecd99f8122526eaaaed863f2519bec5de2ed8d33b43bdc7a6d1586?s=96&d=retro&r=g\",\"contentUrl\":\"https:\/\/secure.gravatar.com\/avatar\/2719856d7aecd99f8122526eaaaed863f2519bec5de2ed8d33b43bdc7a6d1586?s=96&d=retro&r=g\",\"caption\":\"Patrick\"},\"sameAs\":[\"http:\/\/www.ungers-kitchen.de\"],\"url\":\"https:\/\/www.ungers-kitchen.de\/cmsneu\/author\/admin\/\"}]}<\/script>\n<!-- \/ Yoast SEO plugin. -->","yoast_head_json":{"title":"2025 \u2013 Ein Jahr, das Spuren hinterl\u00e4sst: Unser ganz pers\u00f6nlicher R\u00fcckblick - Unger&acute;s Kitchen","description":"2025 bei Unger\u2019s Kitchen: Ein bewegtes Jahr voller Ver\u00e4nderungen. Von Omas Rezepten bis zum SWR & der Rhein-Zeitung \u2013 Nadine & Patrick blicken auf ihren Weg zur\u00fcck.","robots":{"index":"index","follow":"follow","max-snippet":"max-snippet:-1","max-image-preview":"max-image-preview:large","max-video-preview":"max-video-preview:-1"},"canonical":"https:\/\/www.ungers-kitchen.de\/cmsneu\/2025-ein-jahr-das-spuren-hinterlaesst-unser-ganz-persoenlicher-rueckblick\/","og_locale":"de_DE","og_type":"article","og_title":"2025 \u2013 Ein Jahr, das Spuren hinterl\u00e4sst: Unser ganz pers\u00f6nlicher R\u00fcckblick - Unger&acute;s Kitchen","og_description":"2025 bei Unger\u2019s Kitchen: Ein bewegtes Jahr voller Ver\u00e4nderungen. Von Omas Rezepten bis zum SWR & der Rhein-Zeitung \u2013 Nadine & Patrick blicken auf ihren Weg zur\u00fcck.","og_url":"https:\/\/www.ungers-kitchen.de\/cmsneu\/2025-ein-jahr-das-spuren-hinterlaesst-unser-ganz-persoenlicher-rueckblick\/","og_site_name":"Unger&acute;s Kitchen","article_publisher":"https:\/\/www.facebook.com\/ungerskitchen.de","article_published_time":"2025-12-30T05:25:23+00:00","article_modified_time":"2025-12-30T07:27:38+00:00","og_image":[{"width":1920,"height":1180,"url":"https:\/\/www.ungers-kitchen.de\/cmsneu\/wp-content\/uploads\/2025\/12\/Bildschirmfoto-2025-12-30-um-05.06.46.jpg","type":"image\/jpeg"}],"author":"Patrick","twitter_card":"summary_large_image","twitter_misc":{"Verfasst von":"Patrick","Gesch\u00e4tzte Lesezeit":"6\u00a0Minuten"},"schema":{"@context":"https:\/\/schema.org","@graph":[{"@type":"Article","@id":"https:\/\/www.ungers-kitchen.de\/cmsneu\/2025-ein-jahr-das-spuren-hinterlaesst-unser-ganz-persoenlicher-rueckblick\/#article","isPartOf":{"@id":"https:\/\/www.ungers-kitchen.de\/cmsneu\/2025-ein-jahr-das-spuren-hinterlaesst-unser-ganz-persoenlicher-rueckblick\/"},"author":{"name":"Patrick","@id":"https:\/\/www.ungers-kitchen.de\/cmsneu\/#\/schema\/person\/ccbd521d1922e4c8ca49ae4b58844a6e"},"headline":"2025 \u2013 Ein Jahr, das Spuren hinterl\u00e4sst: Unser ganz pers\u00f6nlicher R\u00fcckblick","datePublished":"2025-12-30T05:25:23+00:00","dateModified":"2025-12-30T07:27:38+00:00","mainEntityOfPage":{"@id":"https:\/\/www.ungers-kitchen.de\/cmsneu\/2025-ein-jahr-das-spuren-hinterlaesst-unser-ganz-persoenlicher-rueckblick\/"},"wordCount":969,"commentCount":1,"publisher":{"@id":"https:\/\/www.ungers-kitchen.de\/cmsneu\/#organization"},"image":{"@id":"https:\/\/www.ungers-kitchen.de\/cmsneu\/2025-ein-jahr-das-spuren-hinterlaesst-unser-ganz-persoenlicher-rueckblick\/#primaryimage"},"thumbnailUrl":"https:\/\/i0.wp.com\/www.ungers-kitchen.de\/cmsneu\/wp-content\/uploads\/2025\/12\/Bildschirmfoto-2025-12-30-um-05.06.46.jpg?fit=1920%2C1180&ssl=1","keywords":["BLICK aktuell","Chefs Battle Patrick Unger","Familienrezepte 2025","Hausmannskost Rezepte","Hobbyk\u00f6che Leidenschaft","Koch-Influencer Rheinland-Pfalz","Kochbuch Neuerscheinung 2026","Nadine und Patrick Unger","Omas Rezepte modern","Plaidt Pellenz Kochen","Rhein-Zeitung","Soulfood Rezepte","SWR Landesschau","Unger\u2019s Kitchen"],"articleSection":["Blog"],"inLanguage":"de","potentialAction":[{"@type":"CommentAction","name":"Comment","target":["https:\/\/www.ungers-kitchen.de\/cmsneu\/2025-ein-jahr-das-spuren-hinterlaesst-unser-ganz-persoenlicher-rueckblick\/#respond"]}]},{"@type":"WebPage","@id":"https:\/\/www.ungers-kitchen.de\/cmsneu\/2025-ein-jahr-das-spuren-hinterlaesst-unser-ganz-persoenlicher-rueckblick\/","url":"https:\/\/www.ungers-kitchen.de\/cmsneu\/2025-ein-jahr-das-spuren-hinterlaesst-unser-ganz-persoenlicher-rueckblick\/","name":"2025 \u2013 Ein Jahr, das Spuren hinterl\u00e4sst: Unser ganz pers\u00f6nlicher R\u00fcckblick - Unger&acute;s Kitchen","isPartOf":{"@id":"https:\/\/www.ungers-kitchen.de\/cmsneu\/#website"},"primaryImageOfPage":{"@id":"https:\/\/www.ungers-kitchen.de\/cmsneu\/2025-ein-jahr-das-spuren-hinterlaesst-unser-ganz-persoenlicher-rueckblick\/#primaryimage"},"image":{"@id":"https:\/\/www.ungers-kitchen.de\/cmsneu\/2025-ein-jahr-das-spuren-hinterlaesst-unser-ganz-persoenlicher-rueckblick\/#primaryimage"},"thumbnailUrl":"https:\/\/i0.wp.com\/www.ungers-kitchen.de\/cmsneu\/wp-content\/uploads\/2025\/12\/Bildschirmfoto-2025-12-30-um-05.06.46.jpg?fit=1920%2C1180&ssl=1","datePublished":"2025-12-30T05:25:23+00:00","dateModified":"2025-12-30T07:27:38+00:00","description":"2025 bei Unger\u2019s Kitchen: Ein bewegtes Jahr voller Ver\u00e4nderungen. Von Omas Rezepten bis zum SWR & der Rhein-Zeitung \u2013 Nadine & Patrick blicken auf ihren Weg zur\u00fcck.","breadcrumb":{"@id":"https:\/\/www.ungers-kitchen.de\/cmsneu\/2025-ein-jahr-das-spuren-hinterlaesst-unser-ganz-persoenlicher-rueckblick\/#breadcrumb"},"inLanguage":"de","potentialAction":[{"@type":"ReadAction","target":["https:\/\/www.ungers-kitchen.de\/cmsneu\/2025-ein-jahr-das-spuren-hinterlaesst-unser-ganz-persoenlicher-rueckblick\/"]}]},{"@type":"ImageObject","inLanguage":"de","@id":"https:\/\/www.ungers-kitchen.de\/cmsneu\/2025-ein-jahr-das-spuren-hinterlaesst-unser-ganz-persoenlicher-rueckblick\/#primaryimage","url":"https:\/\/i0.wp.com\/www.ungers-kitchen.de\/cmsneu\/wp-content\/uploads\/2025\/12\/Bildschirmfoto-2025-12-30-um-05.06.46.jpg?fit=1920%2C1180&ssl=1","contentUrl":"https:\/\/i0.wp.com\/www.ungers-kitchen.de\/cmsneu\/wp-content\/uploads\/2025\/12\/Bildschirmfoto-2025-12-30-um-05.06.46.jpg?fit=1920%2C1180&ssl=1","width":1920,"height":1180,"caption":"Wir pr\u00e4sentieren unsere herzhaften K\u00e4senudeln nach Hausmacherart."},{"@type":"BreadcrumbList","@id":"https:\/\/www.ungers-kitchen.de\/cmsneu\/2025-ein-jahr-das-spuren-hinterlaesst-unser-ganz-persoenlicher-rueckblick\/#breadcrumb","itemListElement":[{"@type":"ListItem","position":1,"name":"Startseite","item":"https:\/\/www.ungers-kitchen.de\/cmsneu\/"},{"@type":"ListItem","position":2,"name":"2025 \u2013 Ein Jahr, das Spuren hinterl\u00e4sst: Unser ganz pers\u00f6nlicher R\u00fcckblick"}]},{"@type":"WebSite","@id":"https:\/\/www.ungers-kitchen.de\/cmsneu\/#website","url":"https:\/\/www.ungers-kitchen.de\/cmsneu\/","name":"Unger&acute;s Kitchen","description":"cooking - backing - bbq","publisher":{"@id":"https:\/\/www.ungers-kitchen.de\/cmsneu\/#organization"},"potentialAction":[{"@type":"SearchAction","target":{"@type":"EntryPoint","urlTemplate":"https:\/\/www.ungers-kitchen.de\/cmsneu\/?s={search_term_string}"},"query-input":{"@type":"PropertyValueSpecification","valueRequired":true,"valueName":"search_term_string"}}],"inLanguage":"de"},{"@type":"Organization","@id":"https:\/\/www.ungers-kitchen.de\/cmsneu\/#organization","name":"Unger&acute;s Kitchen","url":"https:\/\/www.ungers-kitchen.de\/cmsneu\/","logo":{"@type":"ImageObject","inLanguage":"de","@id":"https:\/\/www.ungers-kitchen.de\/cmsneu\/#\/schema\/logo\/image\/","url":"https:\/\/i0.wp.com\/www.ungers-kitchen.de\/cmsneu\/wp-content\/uploads\/2023\/10\/logoungerskitchen.jpg?fit=1920%2C1227&ssl=1","contentUrl":"https:\/\/i0.wp.com\/www.ungers-kitchen.de\/cmsneu\/wp-content\/uploads\/2023\/10\/logoungerskitchen.jpg?fit=1920%2C1227&ssl=1","width":1920,"height":1227,"caption":"Unger&acute;s Kitchen"},"image":{"@id":"https:\/\/www.ungers-kitchen.de\/cmsneu\/#\/schema\/logo\/image\/"},"sameAs":["https:\/\/www.facebook.com\/ungerskitchen.de","https:\/\/www.pinterest.de\/Ungerskitchen","https:\/\/www.instagram.com\/ungers_kitchen","https:\/\/www.tiktok.com\/@ungerskitchen"]},{"@type":"Person","@id":"https:\/\/www.ungers-kitchen.de\/cmsneu\/#\/schema\/person\/ccbd521d1922e4c8ca49ae4b58844a6e","name":"Patrick","image":{"@type":"ImageObject","inLanguage":"de","@id":"https:\/\/www.ungers-kitchen.de\/cmsneu\/#\/schema\/person\/image\/","url":"https:\/\/secure.gravatar.com\/avatar\/2719856d7aecd99f8122526eaaaed863f2519bec5de2ed8d33b43bdc7a6d1586?s=96&d=retro&r=g","contentUrl":"https:\/\/secure.gravatar.com\/avatar\/2719856d7aecd99f8122526eaaaed863f2519bec5de2ed8d33b43bdc7a6d1586?s=96&d=retro&r=g","caption":"Patrick"},"sameAs":["http:\/\/www.ungers-kitchen.de"],"url":"https:\/\/www.ungers-kitchen.de\/cmsneu\/author\/admin\/"}]}},"jetpack_featured_media_url":"https:\/\/i0.wp.com\/www.ungers-kitchen.de\/cmsneu\/wp-content\/uploads\/2025\/12\/Bildschirmfoto-2025-12-30-um-05.06.46.jpg?fit=1920%2C1180&ssl=1","jetpack_shortlink":"https:\/\/wp.me\/pbZR1m-2vG","_links":{"self":[{"href":"https:\/\/www.ungers-kitchen.de\/cmsneu\/wp-json\/wp\/v2\/posts\/9652","targetHints":{"allow":["GET"]}}],"collection":[{"href":"https:\/\/www.ungers-kitchen.de\/cmsneu\/wp-json\/wp\/v2\/posts"}],"about":[{"href":"https:\/\/www.ungers-kitchen.de\/cmsneu\/wp-json\/wp\/v2\/types\/post"}],"author":[{"embeddable":true,"href":"https:\/\/www.ungers-kitchen.de\/cmsneu\/wp-json\/wp\/v2\/users\/1"}],"replies":[{"embeddable":true,"href":"https:\/\/www.ungers-kitchen.de\/cmsneu\/wp-json\/wp\/v2\/comments?post=9652"}],"version-history":[{"count":16,"href":"https:\/\/www.ungers-kitchen.de\/cmsneu\/wp-json\/wp\/v2\/posts\/9652\/revisions"}],"predecessor-version":[{"id":9676,"href":"https:\/\/www.ungers-kitchen.de\/cmsneu\/wp-json\/wp\/v2\/posts\/9652\/revisions\/9676"}],"wp:featuredmedia":[{"embeddable":true,"href":"https:\/\/www.ungers-kitchen.de\/cmsneu\/wp-json\/wp\/v2\/media\/9654"}],"wp:attachment":[{"href":"https:\/\/www.ungers-kitchen.de\/cmsneu\/wp-json\/wp\/v2\/media?parent=9652"}],"wp:term":[{"taxonomy":"category","embeddable":true,"href":"https:\/\/www.ungers-kitchen.de\/cmsneu\/wp-json\/wp\/v2\/categories?post=9652"},{"taxonomy":"post_tag","embeddable":true,"href":"https:\/\/www.ungers-kitchen.de\/cmsneu\/wp-json\/wp\/v2\/tags?post=9652"}],"curies":[{"name":"wp","href":"https:\/\/api.w.org\/{rel}","templated":true}]}}